{"id":101,"count":13,"description":"Les examens f\u00e9d\u00e9raux comprennent les examens professionnels EP et les examens professionnels sup\u00e9rieurs EPS. Ces examens, organis\u00e9s par les associations, refl\u00e8tent les besoins du march\u00e9 du travail. Ils sont organis\u00e9s de mani\u00e8re uniforme dans toute la Suisse. Les examens professionnels s'adressent en g\u00e9n\u00e9ral aux personnes qui disposent d\u00e9j\u00e0 d'une exp\u00e9rience professionnelle de plusieurs ann\u00e9es et de comp\u00e9tences professionnelles approfondies et qui souhaitent se sp\u00e9cialiser dans un domaine. Les examens professionnels sup\u00e9rieurs pr\u00e9parent les dipl\u00f4m\u00e9s \u00e0 des fonctions de direction dans les petites et moyennes entreprises (PME).","link":"https:\/\/handel-schweiz.com\/fr\/thema\/formation-fr\/","name":"Formation","slug":"formation-fr","taxonomy":"thema","parent":0,"meta":[],"acf":[],"yoast_head":"<!-- This site is optimized with the Yoast SEO plugin v27.5 - https:\/\/yoast.com\/product\/yoast-seo-wordpress\/ -->\n<title>Formation Archives - HANDELSchweiz<\/title>\n<meta name=\"robots\" content=\"index, follow, max-snippet:-1, max-image-preview:large, max-video-preview:-1\" \/>\n<link rel=\"canonical\" href=\"https:\/\/handel-schweiz.com\/fr\/thema\/formation-fr\/\" \/>\n<meta property=\"og:locale\" content=\"fr_FR\" \/>\n<meta property=\"og:type\" content=\"article\" \/>\n<meta property=\"og:title\" content=\"Formation Archives - HANDELSchweiz\" \/>\n<meta property=\"og:description\" content=\"Les examens f\u00e9d\u00e9raux comprennent les examens professionnels EP et les examens professionnels sup\u00e9rieurs EPS. Ces examens, organis\u00e9s par les associations, refl\u00e8tent les besoins du march\u00e9 du travail. Ils sont organis\u00e9s de mani\u00e8re uniforme dans toute la Suisse. Les examens professionnels s&rsquo;adressent en g\u00e9n\u00e9ral aux personnes qui disposent d\u00e9j\u00e0 d&rsquo;une exp\u00e9rience professionnelle de plusieurs ann\u00e9es et de comp\u00e9tences professionnelles approfondies et qui souhaitent se sp\u00e9cialiser dans un domaine. Les examens professionnels sup\u00e9rieurs pr\u00e9parent les dipl\u00f4m\u00e9s \u00e0 des fonctions de direction dans les petites et moyennes entreprises (PME).\" \/>\n<meta property=\"og:url\" content=\"https:\/\/handel-schweiz.com\/fr\/thema\/formation-fr\/\" \/>\n<meta property=\"og:site_name\" content=\"HANDELSchweiz\" \/>\n<meta name=\"twitter:card\" content=\"summary_large_image\" \/>\n<meta name=\"twitter:site\" content=\"@handelschweiz\" \/>\n<script type=\"application\/ld+json\" class=\"yoast-schema-graph\">{\"@context\":\"https:\\\/\\\/schema.org\",\"@graph\":[{\"@type\":\"CollectionPage\",\"@id\":\"https:\\\/\\\/handel-schweiz.com\\\/fr\\\/thema\\\/formation-fr\\\/\",\"url\":\"https:\\\/\\\/handel-schweiz.com\\\/fr\\\/thema\\\/formation-fr\\\/\",\"name\":\"Formation Archives - HANDELSchweiz\",\"isPartOf\":{\"@id\":\"https:\\\/\\\/handel-schweiz.com\\\/#website\"},\"breadcrumb\":{\"@id\":\"https:\\\/\\\/handel-schweiz.com\\\/fr\\\/thema\\\/formation-fr\\\/#breadcrumb\"},\"inLanguage\":\"fr-FR\"},{\"@type\":\"BreadcrumbList\",\"@id\":\"https:\\\/\\\/handel-schweiz.com\\\/fr\\\/thema\\\/formation-fr\\\/#breadcrumb\",\"itemListElement\":[{\"@type\":\"ListItem\",\"position\":1,\"name\":\"Home\",\"item\":\"https:\\\/\\\/handel-schweiz.com\\\/fr\\\/\"},{\"@type\":\"ListItem\",\"position\":2,\"name\":\"Formation\"}]},{\"@type\":\"WebSite\",\"@id\":\"https:\\\/\\\/handel-schweiz.com\\\/#website\",\"url\":\"https:\\\/\\\/handel-schweiz.com\\\/\",\"name\":\"HANDELSchweiz\",\"description\":\"HANDEL f\u00f6rdern und vereinfachen\",\"publisher\":{\"@id\":\"https:\\\/\\\/handel-schweiz.com\\\/#organization\"},\"potentialAction\":[{\"@type\":\"SearchAction\",\"target\":{\"@type\":\"EntryPoint\",\"urlTemplate\":\"https:\\\/\\\/handel-schweiz.com\\\/?s={search_term_string}\"},\"query-input\":{\"@type\":\"PropertyValueSpecification\",\"valueRequired\":true,\"valueName\":\"search_term_string\"}}],\"inLanguage\":\"fr-FR\"},{\"@type\":\"Organization\",\"@id\":\"https:\\\/\\\/handel-schweiz.com\\\/#organization\",\"name\":\"HandelSchweiz\",\"alternateName\":\"Handel Schweiz\",\"url\":\"https:\\\/\\\/handel-schweiz.com\\\/\",\"logo\":{\"@type\":\"ImageObject\",\"inLanguage\":\"fr-FR\",\"@id\":\"https:\\\/\\\/handel-schweiz.com\\\/#\\\/schema\\\/logo\\\/image\\\/\",\"url\":\"https:\\\/\\\/handel-schweiz.com\\\/wp-content\\\/uploads\\\/2023\\\/11\\\/logo_de.svg\",\"contentUrl\":\"https:\\\/\\\/handel-schweiz.com\\\/wp-content\\\/uploads\\\/2023\\\/11\\\/logo_de.svg\",\"width\":417,\"height\":89,\"caption\":\"HandelSchweiz\"},\"image\":{\"@id\":\"https:\\\/\\\/handel-schweiz.com\\\/#\\\/schema\\\/logo\\\/image\\\/\"},\"sameAs\":[\"https:\\\/\\\/x.com\\\/handelschweiz\",\"https:\\\/\\\/ch.linkedin.com\\\/company\\\/handelschweiz\"]}]}<\/script>\n<!-- \/ Yoast SEO plugin. -->","yoast_head_json":{"title":"Formation Archives - HANDELSchweiz","robots":{"index":"index","follow":"follow","max-snippet":"max-snippet:-1","max-image-preview":"max-image-preview:large","max-video-preview":"max-video-preview:-1"},"canonical":"https:\/\/handel-schweiz.com\/fr\/thema\/formation-fr\/","og_locale":"fr_FR","og_type":"article","og_title":"Formation Archives - HANDELSchweiz","og_description":"Les examens f\u00e9d\u00e9raux comprennent les examens professionnels EP et les examens professionnels sup\u00e9rieurs EPS. Ces examens, organis\u00e9s par les associations, refl\u00e8tent les besoins du march\u00e9 du travail. Ils sont organis\u00e9s de mani\u00e8re uniforme dans toute la Suisse. Les examens professionnels s&rsquo;adressent en g\u00e9n\u00e9ral aux personnes qui disposent d\u00e9j\u00e0 d&rsquo;une exp\u00e9rience professionnelle de plusieurs ann\u00e9es et de comp\u00e9tences professionnelles approfondies et qui souhaitent se sp\u00e9cialiser dans un domaine. Les examens professionnels sup\u00e9rieurs pr\u00e9parent les dipl\u00f4m\u00e9s \u00e0 des fonctions de direction dans les petites et moyennes entreprises (PME).","og_url":"https:\/\/handel-schweiz.com\/fr\/thema\/formation-fr\/","og_site_name":"HANDELSchweiz","twitter_card":"summary_large_image","twitter_site":"@handelschweiz","schema":{"@context":"https:\/\/schema.org","@graph":[{"@type":"CollectionPage","@id":"https:\/\/handel-schweiz.com\/fr\/thema\/formation-fr\/","url":"https:\/\/handel-schweiz.com\/fr\/thema\/formation-fr\/","name":"Formation Archives - HANDELSchweiz","isPartOf":{"@id":"https:\/\/handel-schweiz.com\/#website"},"breadcrumb":{"@id":"https:\/\/handel-schweiz.com\/fr\/thema\/formation-fr\/#breadcrumb"},"inLanguage":"fr-FR"},{"@type":"BreadcrumbList","@id":"https:\/\/handel-schweiz.com\/fr\/thema\/formation-fr\/#breadcrumb","itemListElement":[{"@type":"ListItem","position":1,"name":"Home","item":"https:\/\/handel-schweiz.com\/fr\/"},{"@type":"ListItem","position":2,"name":"Formation"}]},{"@type":"WebSite","@id":"https:\/\/handel-schweiz.com\/#website","url":"https:\/\/handel-schweiz.com\/","name":"HANDELSchweiz","description":"HANDEL f\u00f6rdern und vereinfachen","publisher":{"@id":"https:\/\/handel-schweiz.com\/#organization"},"potentialAction":[{"@type":"SearchAction","target":{"@type":"EntryPoint","urlTemplate":"https:\/\/handel-schweiz.com\/?s={search_term_string}"},"query-input":{"@type":"PropertyValueSpecification","valueRequired":true,"valueName":"search_term_string"}}],"inLanguage":"fr-FR"},{"@type":"Organization","@id":"https:\/\/handel-schweiz.com\/#organization","name":"HandelSchweiz","alternateName":"Handel Schweiz","url":"https:\/\/handel-schweiz.com\/","logo":{"@type":"ImageObject","inLanguage":"fr-FR","@id":"https:\/\/handel-schweiz.com\/#\/schema\/logo\/image\/","url":"https:\/\/handel-schweiz.com\/wp-content\/uploads\/2023\/11\/logo_de.svg","contentUrl":"https:\/\/handel-schweiz.com\/wp-content\/uploads\/2023\/11\/logo_de.svg","width":417,"height":89,"caption":"HandelSchweiz"},"image":{"@id":"https:\/\/handel-schweiz.com\/#\/schema\/logo\/image\/"},"sameAs":["https:\/\/x.com\/handelschweiz","https:\/\/ch.linkedin.com\/company\/handelschweiz"]}]}},"_links":{"self":[{"href":"https:\/\/handel-schweiz.com\/fr\/wp-json\/wp\/v2\/thema\/101","targetHints":{"allow":["GET"]}}],"collection":[{"href":"https:\/\/handel-schweiz.com\/fr\/wp-json\/wp\/v2\/thema"}],"about":[{"href":"https:\/\/handel-schweiz.com\/fr\/wp-json\/wp\/v2\/taxonomies\/thema"}],"wp:post_type":[{"href":"https:\/\/handel-schweiz.com\/fr\/wp-json\/wp\/v2\/veranstaltung?thema=101"},{"href":"https:\/\/handel-schweiz.com\/fr\/wp-json\/wp\/v2\/losung?thema=101"},{"href":"https:\/\/handel-schweiz.com\/fr\/wp-json\/wp\/v2\/branchen-update?thema=101"},{"href":"https:\/\/handel-schweiz.com\/fr\/wp-json\/wp\/v2\/bildung?thema=101"},{"href":"https:\/\/handel-schweiz.com\/fr\/wp-json\/wp\/v2\/download?thema=101"},{"href":"https:\/\/handel-schweiz.com\/fr\/wp-json\/wp\/v2\/pages?thema=101"}],"curies":[{"name":"wp","href":"https:\/\/api.w.org\/{rel}","templated":true}]}}